{"id":402,"date":"2021-08-26T08:31:43","date_gmt":"2021-08-26T11:31:43","guid":{"rendered":"http:\/\/rebes.cf\/?p=402"},"modified":"2022-07-07T22:39:09","modified_gmt":"2022-07-08T01:39:09","slug":"52-reunion-nacional-de-bibliotecarios","status":"publish","type":"post","link":"https:\/\/rebes.cf\/index.php\/2021\/08\/26\/52-reunion-nacional-de-bibliotecarios\/","title":{"rendered":"52 Reuni\u00f3n Nacional de Bibliotecarios"},"content":{"rendered":"\n<blockquote class=\"wp-block-quote is-layout-flow wp-block-quote-is-layout-flow\"><p><em>Bajo el lema&nbsp;<strong>\u201cSinergia bibliotecaria: alianzas, trabajo colaborativo y su contribuci\u00f3n al desarrollo sostenible\u201d<\/strong>, la 52\u00aa Reuni\u00f3n Nacional de Bibliotecarios se realizar\u00e1 en modalidad h\u00edbrida: presencial en las distintas sedes (con transmisi\u00f3n on-line) y virtual con paneles transmitidos por nuestro canal de Youtube<\/em><\/p><\/blockquote>\n\n\n\n<figure class=\"wp-block-image size-large\"><a href=\"https:\/\/abgra.org.ar\/52rnb\/\" target=\"_blank\" rel=\"noopener noreferrer\"><img decoding=\"async\" src=\"https:\/\/abgra.org.ar\/wp-content\/uploads\/2021\/06\/logoRNB2021-768x386.png\" alt=\"\"\/><\/a><\/figure>\n\n\n\n<h2 class=\"wp-block-heading\">Objetivos<\/h2>\n\n\n\n<p>\u2022 Propiciar un espacio de encuentro para el fortalecimiento de la comunidad bibliotecaria argentina;<br>\u2022 Destacar los nuevos roles que asume el colectivo profesional, ante las distintas formas de acceso y necesidades de informaci\u00f3n que presentan los usuarios en los \u00faltimos a\u00f1os;<br>\u2022 Poner en valor los aportes que realizan las bibliotecas para el desarrollo y crecimiento de sus zonas de influencia.<br>\u2022 Generar instancias que promuevan el an\u00e1lisis, la reflexi\u00f3n y el debate, en torno a temas centrales para la prestaci\u00f3n de mejores servicios y posicionamiento de las bibliotecas en la sociedad.<\/p>\n\n\n\n<h2 class=\"wp-block-heading\">Ejes tem\u00e1ticos<\/h2>\n\n\n\n<p>\u2022 Bibliotecas del futuro: inclusivas, innovadoras y resilientes.<br>\u2022 Bibliotecarios innovadores en la gesti\u00f3n y divulgaci\u00f3n del conocimiento.<br>\u2022 Profesionales del siglo XXI: capacitaci\u00f3n continua y las competencias profesionales ante los nuevos escenarios del ecosistema digital.<br>\u2022 Bibliotecas para promover sociedades pac\u00edficas e inclusivas.<br>\u2022 La biblioteca como centro de recursos para el aprendizaje, investigaci\u00f3n y creaci\u00f3n e innovaci\u00f3n.<br>\u2022 Pol\u00edticas bibliotecarias y acceso a la informaci\u00f3n.<br>\u2022 Bibliotecas: su rol social para la equidad y el desarrollo humano.<\/p>\n\n\n\n<p>Para acceder al cronograma, inscripci\u00f3n y detalles click en: <a href=\"https:\/\/abgra.org.ar\/\" target=\"_blank\" rel=\"noreferrer noopener\">ABGRA<\/a><\/p>\n\n\n\n<hr class=\"wp-block-separator\"\/>\n\n\n\n<p>Fuente: <a href=\"https:\/\/abgra.org.ar\/\" target=\"_blank\" rel=\"noreferrer noopener\">Asociaci\u00f3n de Bibliotecarios Graduados de la Rep\u00fablica Argentina (ABGRA)<\/a><\/p>\n","protected":false},"excerpt":{"rendered":"<p>Bajo el lema&nbsp;\u201cSinergia bibliotecaria: alianzas, trabajo colaborativo y su contribuci\u00f3n al desarrollo sostenible\u201d, la 52\u00aa Reuni\u00f3n Nacional de Bibliotecarios se realizar\u00e1 en modalidad h\u00edbrida: presencial en las distintas sedes (con transmisi\u00f3n on-line) y virtual con paneles transmitidos por nuestro canal de Youtube Objetivos \u2022 Propiciar un espacio de encuentro para el fortalecimiento de la comunidad &#8230; <a title=\"52 Reuni\u00f3n Nacional de Bibliotecarios\" class=\"read-more\" href=\"https:\/\/rebes.cf\/index.php\/2021\/08\/26\/52-reunion-nacional-de-bibliotecarios\/\">Leer m\u00e1s <span class=\"screen-reader-text\">52 Reuni\u00f3n Nacional de Bibliotecarios<\/span><\/a><\/p>\n","protected":false},"author":1,"featured_media":0,"comment_status":"closed","ping_status":"open","sticky":false,"template":"","format":"standard","meta":{"footnotes":""},"categories":[1],"tags":[],"class_list":["post-402","post","type-post","status-publish","format-standard","hentry","category-sin-categoria"],"_links":{"self":[{"href":"https:\/\/rebes.cf\/index.php\/wp-json\/wp\/v2\/posts\/402","targetHints":{"allow":["GET"]}}],"collection":[{"href":"https:\/\/rebes.cf\/index.php\/wp-json\/wp\/v2\/posts"}],"about":[{"href":"https:\/\/rebes.cf\/index.php\/wp-json\/wp\/v2\/types\/post"}],"author":[{"embeddable":true,"href":"https:\/\/rebes.cf\/index.php\/wp-json\/wp\/v2\/users\/1"}],"replies":[{"embeddable":true,"href":"https:\/\/rebes.cf\/index.php\/wp-json\/wp\/v2\/comments?post=402"}],"version-history":[{"count":4,"href":"https:\/\/rebes.cf\/index.php\/wp-json\/wp\/v2\/posts\/402\/revisions"}],"predecessor-version":[{"id":425,"href":"https:\/\/rebes.cf\/index.php\/wp-json\/wp\/v2\/posts\/402\/revisions\/425"}],"wp:attachment":[{"href":"https:\/\/rebes.cf\/index.php\/wp-json\/wp\/v2\/media?parent=402"}],"wp:term":[{"taxonomy":"category","embeddable":true,"href":"https:\/\/rebes.cf\/index.php\/wp-json\/wp\/v2\/categories?post=402"},{"taxonomy":"post_tag","embeddable":true,"href":"https:\/\/rebes.cf\/index.php\/wp-json\/wp\/v2\/tags?post=402"}],"curies":[{"name":"wp","href":"https:\/\/api.w.org\/{rel}","templated":true}]}}