{"id":639,"date":"2021-12-17T21:19:03","date_gmt":"2021-12-18T00:19:03","guid":{"rendered":"http:\/\/rebes.cf\/?p=639"},"modified":"2022-06-08T23:10:27","modified_gmt":"2022-06-09T02:10:27","slug":"rebes-presente-en-infotecarios","status":"publish","type":"post","link":"https:\/\/rebes.cf\/index.php\/2021\/12\/17\/rebes-presente-en-infotecarios\/","title":{"rendered":"ReBES presente en Info Tecarios"},"content":{"rendered":"\n<p>En la nueva edici\u00f3n del podcast de Infotecarios ma\u00f1ana 18 de diciembre a las 12 hs. Argentina participara nuestra red representada por la Lic. Karen Mariano y el Lic. Guillermo Diedrichs miembros de nuestra red.<\/p>\n\n\n\n<figure class=\"wp-block-image size-large\"><img loading=\"lazy\" decoding=\"async\" width=\"720\" height=\"400\" src=\"https:\/\/rebes.cf\/wp-content\/uploads\/2021\/12\/WhatsApp-Image-2021-12-17-at-21.06.19.jpeg\" alt=\"\" class=\"wp-image-640\" srcset=\"https:\/\/rebes.cf\/wp-content\/uploads\/2021\/12\/WhatsApp-Image-2021-12-17-at-21.06.19.jpeg 720w, https:\/\/rebes.cf\/wp-content\/uploads\/2021\/12\/WhatsApp-Image-2021-12-17-at-21.06.19-300x167.jpeg 300w\" sizes=\"auto, (max-width: 720px) 100vw, 720px\" \/><\/figure>\n\n\n\n<p>InfoTecarios es un espacio web colaborativo cuyo objetivo principal es crear y brindar contenidos a trav\u00e9s de la difusi\u00f3n de noticias, ideas y opiniones para todos aquellos interesados en las tem\u00e1ticas relacionadas con la&nbsp; Informaci\u00f3n y la Documentaci\u00f3n, particularmente centrado en cuestiones relacionadas, ideadas y desarrolladas en el \u00e1mbito de latinoamericano.<\/p>\n\n\n\n<p>El podcast se podr\u00e1 seguir en vivo en el canal de Info Tecarios en este <a href=\"https:\/\/www.infotecarios.com\/infotecarios-podcast-90-red-rebes-con-karen-mariano-y-federico-diedrichs\/#.Ybz0NmjMK1s\" target=\"_blank\" rel=\"noreferrer noopener\">link<\/a><\/p>\n","protected":false},"excerpt":{"rendered":"<p>En la nueva edici\u00f3n del podcast de Infotecarios ma\u00f1ana 18 de diciembre a las 12 hs. Argentina participara nuestra red representada por la Lic. Karen Mariano y el Lic. Guillermo Diedrichs miembros de nuestra red. InfoTecarios es un espacio web colaborativo cuyo objetivo principal es crear y brindar contenidos a trav\u00e9s de la difusi\u00f3n de &#8230; <a title=\"ReBES presente en Info Tecarios\" class=\"read-more\" href=\"https:\/\/rebes.cf\/index.php\/2021\/12\/17\/rebes-presente-en-infotecarios\/\">Leer m\u00e1s <span class=\"screen-reader-text\">ReBES presente en Info Tecarios<\/span><\/a><\/p>\n","protected":false},"author":4,"featured_media":640,"comment_status":"closed","ping_status":"closed","sticky":false,"template":"","format":"standard","meta":{"footnotes":""},"categories":[1],"tags":[],"class_list":["post-639","post","type-post","status-publish","format-standard","has-post-thumbnail","hentry","category-sin-categoria"],"_links":{"self":[{"href":"https:\/\/rebes.cf\/index.php\/wp-json\/wp\/v2\/posts\/639","targetHints":{"allow":["GET"]}}],"collection":[{"href":"https:\/\/rebes.cf\/index.php\/wp-json\/wp\/v2\/posts"}],"about":[{"href":"https:\/\/rebes.cf\/index.php\/wp-json\/wp\/v2\/types\/post"}],"author":[{"embeddable":true,"href":"https:\/\/rebes.cf\/index.php\/wp-json\/wp\/v2\/users\/4"}],"replies":[{"embeddable":true,"href":"https:\/\/rebes.cf\/index.php\/wp-json\/wp\/v2\/comments?post=639"}],"version-history":[{"count":4,"href":"https:\/\/rebes.cf\/index.php\/wp-json\/wp\/v2\/posts\/639\/revisions"}],"predecessor-version":[{"id":662,"href":"https:\/\/rebes.cf\/index.php\/wp-json\/wp\/v2\/posts\/639\/revisions\/662"}],"wp:featuredmedia":[{"embeddable":true,"href":"https:\/\/rebes.cf\/index.php\/wp-json\/wp\/v2\/media\/640"}],"wp:attachment":[{"href":"https:\/\/rebes.cf\/index.php\/wp-json\/wp\/v2\/media?parent=639"}],"wp:term":[{"taxonomy":"category","embeddable":true,"href":"https:\/\/rebes.cf\/index.php\/wp-json\/wp\/v2\/categories?post=639"},{"taxonomy":"post_tag","embeddable":true,"href":"https:\/\/rebes.cf\/index.php\/wp-json\/wp\/v2\/tags?post=639"}],"curies":[{"name":"wp","href":"https:\/\/api.w.org\/{rel}","templated":true}]}}