{"id":736,"date":"2023-09-12T16:46:49","date_gmt":"2023-09-12T19:46:49","guid":{"rendered":"https:\/\/rebes.cf\/?p=736"},"modified":"2023-09-12T16:46:51","modified_gmt":"2023-09-12T19:46:51","slug":"dia-del-bibliotecario","status":"publish","type":"post","link":"https:\/\/rebes.cf\/index.php\/2023\/09\/12\/dia-del-bibliotecario\/","title":{"rendered":"D\u00eda del Bibliotecario"},"content":{"rendered":"\n<p>Reciaria y la Biblioteca Nacional Mariano Moreno los invita a celebrar el D\u00eda del Bibliotecario el 13 de septiembre pr\u00f3ximo, con el II Encuentro sobre Pol\u00edticas de Informaci\u00f3n en Argentina. Tambi\u00e9n celebraremos el 123 Aniversario de la BNMM.<\/p>\n\n\n\n<p><img decoding=\"async\" alt=\"\ud83d\udcc5\" src=\"https:\/\/fonts.gstatic.com\/s\/e\/notoemoji\/15.0\/1f4c5\/32.png\">\u00a0Mi\u00e9rcoles 13\/09 a las 9:30h<br><img decoding=\"async\" alt=\"\ud83d\udccd\" src=\"https:\/\/fonts.gstatic.com\/s\/e\/notoemoji\/15.0\/1f4cd\/32.png\">\u00a0Auditorio Jorge Luis Borges en BNMM<img decoding=\"async\" alt=\"\ud83d\udda5\" src=\"https:\/\/fonts.gstatic.com\/s\/e\/notoemoji\/15.0\/1f5a5\/32.png\">\u00a0Transmisi\u00f3n en vivo por YouTube de la BNMM<img decoding=\"async\" alt=\"\ud83d\udccc\" src=\"https:\/\/fonts.gstatic.com\/s\/e\/notoemoji\/15.0\/1f4cc\/32.png\">\u00a0Programa:\u00a0<a rel=\"noreferrer noopener\" href=\"https:\/\/www.bn.gov.ar\/agenda-cultural\/dia-del-bibliotecario-argentino\" target=\"_blank\">https:\/\/www.bn.gov.ar\/agenda-cultural\/dia-del-bibliotecario-argentino<\/a><img decoding=\"async\" alt=\"\ud83d\udce9\" src=\"https:\/\/fonts.gstatic.com\/s\/e\/notoemoji\/15.0\/1f4e9\/32.png\">\u00a0Consultas:\u00a0<a rel=\"noreferrer noopener\" href=\"mailto:diadelbibliotecario@bn.gob.ar\" target=\"_blank\">diadelbibliotecario@bn.gob.ar<\/a><\/p>\n\n\n\n<figure class=\"wp-block-image size-large\"><img loading=\"lazy\" decoding=\"async\" width=\"800\" height=\"720\" src=\"https:\/\/rebes.cf\/wp-content\/uploads\/2023\/09\/flyer_II_encuentro_politicas_informacion.jpg\" alt=\"\" class=\"wp-image-737\" srcset=\"https:\/\/rebes.cf\/wp-content\/uploads\/2023\/09\/flyer_II_encuentro_politicas_informacion.jpg 800w, https:\/\/rebes.cf\/wp-content\/uploads\/2023\/09\/flyer_II_encuentro_politicas_informacion-300x270.jpg 300w, https:\/\/rebes.cf\/wp-content\/uploads\/2023\/09\/flyer_II_encuentro_politicas_informacion-768x691.jpg 768w\" sizes=\"auto, (max-width: 800px) 100vw, 800px\" \/><\/figure>\n","protected":false},"excerpt":{"rendered":"<p>Reciaria y la Biblioteca Nacional Mariano Moreno los invita a celebrar el D\u00eda del Bibliotecario el 13 de septiembre pr\u00f3ximo, con el II Encuentro sobre Pol\u00edticas de Informaci\u00f3n en Argentina. Tambi\u00e9n celebraremos el 123 Aniversario de la BNMM. \u00a0Mi\u00e9rcoles 13\/09 a las 9:30h\u00a0Auditorio Jorge Luis Borges en BNMM\u00a0Transmisi\u00f3n en vivo por YouTube de la BNMM\u00a0Programa:\u00a0https:\/\/www.bn.gov.ar\/agenda-cultural\/dia-del-bibliotecario-argentino\u00a0Consultas:\u00a0diadelbibliotecario@bn.gob.ar<\/p>\n","protected":false},"author":1,"featured_media":0,"comment_status":"closed","ping_status":"closed","sticky":false,"template":"","format":"standard","meta":{"footnotes":""},"categories":[1],"tags":[],"class_list":["post-736","post","type-post","status-publish","format-standard","hentry","category-sin-categoria"],"_links":{"self":[{"href":"https:\/\/rebes.cf\/index.php\/wp-json\/wp\/v2\/posts\/736","targetHints":{"allow":["GET"]}}],"collection":[{"href":"https:\/\/rebes.cf\/index.php\/wp-json\/wp\/v2\/posts"}],"about":[{"href":"https:\/\/rebes.cf\/index.php\/wp-json\/wp\/v2\/types\/post"}],"author":[{"embeddable":true,"href":"https:\/\/rebes.cf\/index.php\/wp-json\/wp\/v2\/users\/1"}],"replies":[{"embeddable":true,"href":"https:\/\/rebes.cf\/index.php\/wp-json\/wp\/v2\/comments?post=736"}],"version-history":[{"count":1,"href":"https:\/\/rebes.cf\/index.php\/wp-json\/wp\/v2\/posts\/736\/revisions"}],"predecessor-version":[{"id":738,"href":"https:\/\/rebes.cf\/index.php\/wp-json\/wp\/v2\/posts\/736\/revisions\/738"}],"wp:attachment":[{"href":"https:\/\/rebes.cf\/index.php\/wp-json\/wp\/v2\/media?parent=736"}],"wp:term":[{"taxonomy":"category","embeddable":true,"href":"https:\/\/rebes.cf\/index.php\/wp-json\/wp\/v2\/categories?post=736"},{"taxonomy":"post_tag","embeddable":true,"href":"https:\/\/rebes.cf\/index.php\/wp-json\/wp\/v2\/tags?post=736"}],"curies":[{"name":"wp","href":"https:\/\/api.w.org\/{rel}","templated":true}]}}