{"id":739,"date":"2023-09-12T18:15:34","date_gmt":"2023-09-12T21:15:34","guid":{"rendered":"https:\/\/rebes.cf\/?p=739"},"modified":"2023-09-12T18:36:24","modified_gmt":"2023-09-12T21:36:24","slug":"jornada-profesional","status":"publish","type":"post","link":"https:\/\/rebes.cf\/index.php\/2023\/09\/12\/jornada-profesional\/","title":{"rendered":"Jornada Profesional"},"content":{"rendered":"\n<p><\/p>\n\n\n\n<p><br>El d\u00eda 13 se septiembre en el marco del festejo por el d\u00eda del bibliotecario y la bibliotecaria, se realizar\u00e1 una jornada sobre &#8220;Implementaci\u00f3n de ODS en Bibliotecas&#8221;.<\/p>\n\n\n\n<p>La cita ser\u00e1 en la sede INTA Mendoza de 9 a 15 hs.<\/p>\n\n\n\n<figure class=\"wp-block-image size-large\"><img loading=\"lazy\" decoding=\"async\" width=\"819\" height=\"1024\" src=\"https:\/\/rebes.cf\/wp-content\/uploads\/2023\/09\/WhatsApp-Image-2023-09-11-at-19.26.26-819x1024.jpeg\" alt=\"\" class=\"wp-image-740\" srcset=\"https:\/\/rebes.cf\/wp-content\/uploads\/2023\/09\/WhatsApp-Image-2023-09-11-at-19.26.26-819x1024.jpeg 819w, https:\/\/rebes.cf\/wp-content\/uploads\/2023\/09\/WhatsApp-Image-2023-09-11-at-19.26.26-240x300.jpeg 240w, https:\/\/rebes.cf\/wp-content\/uploads\/2023\/09\/WhatsApp-Image-2023-09-11-at-19.26.26-768x960.jpeg 768w, https:\/\/rebes.cf\/wp-content\/uploads\/2023\/09\/WhatsApp-Image-2023-09-11-at-19.26.26.jpeg 1081w\" sizes=\"auto, (max-width: 819px) 100vw, 819px\" \/><\/figure>\n","protected":false},"excerpt":{"rendered":"<p>El d\u00eda 13 se septiembre en el marco del festejo por el d\u00eda del bibliotecario y la bibliotecaria, se realizar\u00e1 una jornada sobre &#8220;Implementaci\u00f3n de ODS en Bibliotecas&#8221;. La cita ser\u00e1 en la sede INTA Mendoza de 9 a 15 hs.<\/p>\n","protected":false},"author":1,"featured_media":0,"comment_status":"closed","ping_status":"closed","sticky":false,"template":"","format":"standard","meta":{"footnotes":""},"categories":[1],"tags":[],"class_list":["post-739","post","type-post","status-publish","format-standard","hentry","category-sin-categoria"],"_links":{"self":[{"href":"https:\/\/rebes.cf\/index.php\/wp-json\/wp\/v2\/posts\/739","targetHints":{"allow":["GET"]}}],"collection":[{"href":"https:\/\/rebes.cf\/index.php\/wp-json\/wp\/v2\/posts"}],"about":[{"href":"https:\/\/rebes.cf\/index.php\/wp-json\/wp\/v2\/types\/post"}],"author":[{"embeddable":true,"href":"https:\/\/rebes.cf\/index.php\/wp-json\/wp\/v2\/users\/1"}],"replies":[{"embeddable":true,"href":"https:\/\/rebes.cf\/index.php\/wp-json\/wp\/v2\/comments?post=739"}],"version-history":[{"count":3,"href":"https:\/\/rebes.cf\/index.php\/wp-json\/wp\/v2\/posts\/739\/revisions"}],"predecessor-version":[{"id":743,"href":"https:\/\/rebes.cf\/index.php\/wp-json\/wp\/v2\/posts\/739\/revisions\/743"}],"wp:attachment":[{"href":"https:\/\/rebes.cf\/index.php\/wp-json\/wp\/v2\/media?parent=739"}],"wp:term":[{"taxonomy":"category","embeddable":true,"href":"https:\/\/rebes.cf\/index.php\/wp-json\/wp\/v2\/categories?post=739"},{"taxonomy":"post_tag","embeddable":true,"href":"https:\/\/rebes.cf\/index.php\/wp-json\/wp\/v2\/tags?post=739"}],"curies":[{"name":"wp","href":"https:\/\/api.w.org\/{rel}","templated":true}]}}