{"id":758,"date":"2024-03-20T16:32:00","date_gmt":"2024-03-20T19:32:00","guid":{"rendered":"https:\/\/rebes.cf\/?p=758"},"modified":"2024-03-20T21:42:32","modified_gmt":"2024-03-21T00:42:32","slug":"24-de-marzo-dia-nacional-de-la-memoria-por-al-verdad-y-la-justicia","status":"publish","type":"post","link":"https:\/\/rebes.cf\/index.php\/2024\/03\/20\/24-de-marzo-dia-nacional-de-la-memoria-por-al-verdad-y-la-justicia\/","title":{"rendered":"24 de Marzo d\u00eda nacional de la memoria, por la verdad y la justicia"},"content":{"rendered":"\n<div class=\"wp-block-media-text alignwide is-stacked-on-mobile\" style=\"grid-template-columns:25% auto\"><figure class=\"wp-block-media-text__media\"><img loading=\"lazy\" decoding=\"async\" width=\"1024\" height=\"1024\" src=\"https:\/\/rebes.cf\/wp-content\/uploads\/2024\/03\/Diseno-REBES-240324-memoria-1024x1024.png\" alt=\"\" class=\"wp-image-755\" srcset=\"https:\/\/rebes.cf\/wp-content\/uploads\/2024\/03\/Diseno-REBES-240324-memoria-1024x1024.png 1024w, https:\/\/rebes.cf\/wp-content\/uploads\/2024\/03\/Diseno-REBES-240324-memoria-300x300.png 300w, https:\/\/rebes.cf\/wp-content\/uploads\/2024\/03\/Diseno-REBES-240324-memoria-150x150.png 150w, https:\/\/rebes.cf\/wp-content\/uploads\/2024\/03\/Diseno-REBES-240324-memoria-768x768.png 768w, https:\/\/rebes.cf\/wp-content\/uploads\/2024\/03\/Diseno-REBES-240324-memoria.png 1080w\" sizes=\"auto, (max-width: 1024px) 100vw, 1024px\" \/><\/figure><div class=\"wp-block-media-text__content\">\n<p><strong>Desde REBES acompa\u00f1amos el D\u00eda Nacional de la Memoria por la Verdad y la Justicia.<\/strong><\/p>\n\n\n\n<p>Es el d\u00eda en el que se&nbsp;<strong>conmemora<\/strong>&nbsp;en Argentina a las&nbsp;<strong>v\u00edctimas de la \u00faltima dictadura militar<\/strong>, autodenominada \u00abProceso de Reorganizaci\u00f3n Nacional\u00bb, que usurp\u00f3 el gobierno del Estado nacional argentino entre el 24 de marzo de 1976 y el 10 de diciembre de 1983.<\/p>\n<\/div><\/div>\n","protected":false},"excerpt":{"rendered":"<p>Desde REBES acompa\u00f1amos el D\u00eda Nacional de la Memoria por la Verdad y la Justicia. Es el d\u00eda en el que se&nbsp;conmemora&nbsp;en Argentina a las&nbsp;v\u00edctimas de la \u00faltima dictadura militar, autodenominada \u00abProceso de Reorganizaci\u00f3n Nacional\u00bb, que usurp\u00f3 el gobierno del Estado nacional argentino entre el 24 de marzo de 1976 y el 10 de diciembre &#8230; <a title=\"24 de Marzo d\u00eda nacional de la memoria, por la verdad y la justicia\" class=\"read-more\" href=\"https:\/\/rebes.cf\/index.php\/2024\/03\/20\/24-de-marzo-dia-nacional-de-la-memoria-por-al-verdad-y-la-justicia\/\">Leer m\u00e1s <span class=\"screen-reader-text\">24 de Marzo d\u00eda nacional de la memoria, por la verdad y la justicia<\/span><\/a><\/p>\n","protected":false},"author":1,"featured_media":756,"comment_status":"closed","ping_status":"closed","sticky":false,"template":"","format":"standard","meta":{"footnotes":""},"categories":[1],"tags":[],"class_list":["post-758","post","type-post","status-publish","format-standard","has-post-thumbnail","hentry","category-sin-categoria"],"_links":{"self":[{"href":"https:\/\/rebes.cf\/index.php\/wp-json\/wp\/v2\/posts\/758","targetHints":{"allow":["GET"]}}],"collection":[{"href":"https:\/\/rebes.cf\/index.php\/wp-json\/wp\/v2\/posts"}],"about":[{"href":"https:\/\/rebes.cf\/index.php\/wp-json\/wp\/v2\/types\/post"}],"author":[{"embeddable":true,"href":"https:\/\/rebes.cf\/index.php\/wp-json\/wp\/v2\/users\/1"}],"replies":[{"embeddable":true,"href":"https:\/\/rebes.cf\/index.php\/wp-json\/wp\/v2\/comments?post=758"}],"version-history":[{"count":2,"href":"https:\/\/rebes.cf\/index.php\/wp-json\/wp\/v2\/posts\/758\/revisions"}],"predecessor-version":[{"id":760,"href":"https:\/\/rebes.cf\/index.php\/wp-json\/wp\/v2\/posts\/758\/revisions\/760"}],"wp:featuredmedia":[{"embeddable":true,"href":"https:\/\/rebes.cf\/index.php\/wp-json\/wp\/v2\/media\/756"}],"wp:attachment":[{"href":"https:\/\/rebes.cf\/index.php\/wp-json\/wp\/v2\/media?parent=758"}],"wp:term":[{"taxonomy":"category","embeddable":true,"href":"https:\/\/rebes.cf\/index.php\/wp-json\/wp\/v2\/categories?post=758"},{"taxonomy":"post_tag","embeddable":true,"href":"https:\/\/rebes.cf\/index.php\/wp-json\/wp\/v2\/tags?post=758"}],"curies":[{"name":"wp","href":"https:\/\/api.w.org\/{rel}","templated":true}]}}